{"id":10008,"date":"2023-09-15T09:24:37","date_gmt":"2023-09-15T09:24:37","guid":{"rendered":"https:\/\/yabasta-records.com\/evenement-philippe-cohen-solal-denis-lavant-au-musee-lam-ce-samedi-16-septembre-pour-deux-performances-outsider-2"},"modified":"2023-10-18T11:47:56","modified_gmt":"2023-10-18T11:47:56","slug":"evenement-philippe-cohen-solal-denis-lavant-au-musee-lam-ce-samedi-16-septembre-pour-deux-performances-outsider-2","status":"publish","type":"post","link":"https:\/\/yabasta-records.com\/fr\/evenement-philippe-cohen-solal-denis-lavant-au-musee-lam-ce-samedi-16-septembre-pour-deux-performances-outsider-2","title":{"rendered":"[EVENT] Philippe Cohen Solal &amp; Denis Lavant seront ce samedi 16 septembre au mus\u00e9e LaM pour 2 performances OUTSIDER exceptionnelles."},"content":{"rendered":"\n<div class=\"xdj266r x11i5rnm xat24cr x1mh8g0r x1vvkbs x126k92a\">\n<div dir=\"auto\">\u00c0 l\u2019occasion des journ\u00e9es europ\u00e9ennes du patrimoine, Philippe Cohen Solal &amp; Denis Lavant seront ce samedi 16 septembre au mus\u00e9e <a href=\"https:\/\/www.facebook.com\/museelam?__cft__%5B0%5D=AZWIir218mTAu4sm_5btDt0NeVBcq_pOsb4r-kMzTP7aHhXalq6uBXyMDuO4QRRg_dY9Zt5Zt56ekv_upAU6_TfpNEoeDhrxMtO5nvhvGJmfgG51ekrzKHcPOhlQ8_8TyhKMcYg1ej79mctFJXBkGD8UTJHsa--FSQF4wBascf_mgtAmffIxBY9veGIUtK3fnXU&amp;__tn__=-%5DK-R\" target=\"_blank\" rel=\"noopener\">LaM &#8211; Lille M\u00e9tropole Mus\u00e9e d&rsquo;art moderne<\/a>, d&rsquo;art contemporain et d&rsquo;art brut \u00e0 Villeneuve d\u2019Ascq pour deux performances OUTSIDER exceptionnelles.<\/div>\n<div dir=\"auto\"> <\/div>\n<\/div>\n<div class=\"x11i5rnm xat24cr x1mh8g0r x1vvkbs xtlvy1s x126k92a\">\n<div dir=\"auto\"><span class=\"x3nfvp2 x1j61x8r x1fcty0u xdj266r xhhsvwb xat24cr xgzva0m xxymvpz xlup9mm x1kky2od\"><img loading=\"lazy\" decoding=\"async\" src=\"https:\/\/static.xx.fbcdn.net\/images\/emoji.php\/v9\/tfb\/2\/16\/1f5d3.png\" alt=\"\ud83d\uddd3\ufe0f\" width=\"16\" height=\"16\"><\/span> Samedi 16 septembre, \u00e0 15h et 17h<\/div>\n<div dir=\"auto\"><span class=\"x3nfvp2 x1j61x8r x1fcty0u xdj266r xhhsvwb xat24cr xgzva0m xxymvpz xlup9mm x1kky2od\"><img loading=\"lazy\" decoding=\"async\" src=\"https:\/\/static.xx.fbcdn.net\/images\/emoji.php\/v9\/tcc\/2\/16\/1f4cd.png\" alt=\"\ud83d\udccd\" width=\"16\" height=\"16\"> <\/span>LaM, 1 all\u00e9e du Mus\u00e9e, 59650 Villeneuve d&rsquo;Ascq<\/div>\n<div dir=\"auto\"><span class=\"x3nfvp2 x1j61x8r x1fcty0u xdj266r xhhsvwb xat24cr xgzva0m xxymvpz xlup9mm x1kky2od\"><img loading=\"lazy\" decoding=\"async\" src=\"https:\/\/static.xx.fbcdn.net\/images\/emoji.php\/v9\/t77\/2\/16\/1f39f.png\" alt=\"\ud83c\udf9f\ufe0f\" width=\"16\" height=\"16\"><\/span> \u00c9v\u00e8nement gratuit sur r\u00e9servations au +33 (0)3 20 19 68 68<\/div>\n<\/div>\n<div dir=\"auto\"> <\/div>\n<div class=\"x11i5rnm xat24cr x1mh8g0r x1vvkbs xtlvy1s x126k92a\">\n<div dir=\"auto\">Artiste visuel : phormazero<br>Animations : Gabriel Jacquel<br>Sc\u00e9nographie : J\u00e9r\u00f4me Clermont &#8211; Atelier Obermant<br>Textes d\u2019Henry Darger lus par Denis Lavant<br>Musique de Philippe Cohen Solal &amp; Mike Lindsay, feat. Adam Glover et Hannah Peel<br>Avec le soutien de Pictanovo &amp; l\u2019Adami<\/div>\n<\/div>\n","protected":false},"excerpt":{"rendered":"<p>Philippe Cohen Solal &amp; Denis Lavant seront ce samedi 16 septembre au mus\u00e9e LaM pour 2 performances OUTSIDER exceptionnelles.<\/p>\n","protected":false},"author":1,"featured_media":9960,"comment_status":"open","ping_status":"open","sticky":false,"template":"","format":"standard","meta":{"_acf_changed":false,"_jetpack_memberships_contains_paid_content":false,"footnotes":""},"categories":[1131],"tags":[],"class_list":["entry","author-yabasta","has-excerpt","post-10008","post","type-post","status-publish","format-standard","has-post-thumbnail","category-non-classifiee"],"acf":[],"featured_image_src":"https:\/\/yabasta-records.com\/wp-content\/uploads\/2023\/09\/8z711.png","featured_image_src_square":"https:\/\/yabasta-records.com\/wp-content\/uploads\/2023\/09\/8z711.png","author_info":{"display_name":"yabasta","author_link":"https:\/\/yabasta-records.com\/fr\/author\/yabasta"},"jetpack_featured_media_url":"https:\/\/yabasta-records.com\/wp-content\/uploads\/2023\/09\/8z711.png","jetpack_sharing_enabled":true,"_links":{"self":[{"href":"https:\/\/yabasta-records.com\/fr\/wp-json\/wp\/v2\/posts\/10008","targetHints":{"allow":["GET"]}}],"collection":[{"href":"https:\/\/yabasta-records.com\/fr\/wp-json\/wp\/v2\/posts"}],"about":[{"href":"https:\/\/yabasta-records.com\/fr\/wp-json\/wp\/v2\/types\/post"}],"author":[{"embeddable":true,"href":"https:\/\/yabasta-records.com\/fr\/wp-json\/wp\/v2\/users\/1"}],"replies":[{"embeddable":true,"href":"https:\/\/yabasta-records.com\/fr\/wp-json\/wp\/v2\/comments?post=10008"}],"version-history":[{"count":4,"href":"https:\/\/yabasta-records.com\/fr\/wp-json\/wp\/v2\/posts\/10008\/revisions"}],"predecessor-version":[{"id":10993,"href":"https:\/\/yabasta-records.com\/fr\/wp-json\/wp\/v2\/posts\/10008\/revisions\/10993"}],"wp:featuredmedia":[{"embeddable":true,"href":"https:\/\/yabasta-records.com\/fr\/wp-json\/wp\/v2\/media\/9960"}],"wp:attachment":[{"href":"https:\/\/yabasta-records.com\/fr\/wp-json\/wp\/v2\/media?parent=10008"}],"wp:term":[{"taxonomy":"category","embeddable":true,"href":"https:\/\/yabasta-records.com\/fr\/wp-json\/wp\/v2\/categories?post=10008"},{"taxonomy":"post_tag","embeddable":true,"href":"https:\/\/yabasta-records.com\/fr\/wp-json\/wp\/v2\/tags?post=10008"}],"curies":[{"name":"wp","href":"https:\/\/api.w.org\/{rel}","templated":true}]}}